{"id":1204,"date":"2025-03-28T12:15:04","date_gmt":"2025-03-28T15:15:04","guid":{"rendered":"http:\/\/34.39.255.174\/?p=1204"},"modified":"2025-03-28T12:17:48","modified_gmt":"2025-03-28T15:17:48","slug":"personas-mayores-inclusion-digital","status":"publish","type":"post","link":"https:\/\/ayni.mascomunidad.org.ar\/en\/personas-mayores-inclusion-digital\/","title":{"rendered":"Older people, protagonists of their digital inclusion"},"content":{"rendered":"<p class=\"has-white-color has-text-color has-background has-link-color has-small-font-size wp-elements-1 wp-block-paragraph\" style=\"background-color:#ffffff00\">Older people, protagonists of their digital inclusion<\/p>\n\n\n\n<p class=\"wp-block-paragraph\">In Buenos Aires, where over 23% of the population is over 60, an initiative developed within the 2024 Local Innovators Program seeks to combat digital exclusion through a collaborative and scalable model. Digital Consultations for Older Adults, managed by volunteer peers, offer autonomy and participation in the digital world. This talented team participated in the GDC Americas Forum, held on March 19 and 20 in Buenos Aires, where they presented the initiative and how this model can be scaled.<\/p>\n\n\n\n<h2 class=\"wp-block-heading has-medium-font-size\">The problem<\/h2>\n\n\n\n<p class=\"wp-block-paragraph\">More than 715,000 senior citizens live in Buenos Aires, and those in the 60% group face difficulties completing online procedures. Although initiatives exist, few manage to scale and adapt to the specific needs of this population.<\/p>\n\n\n\n<p class=\"wp-block-paragraph\">\u201cWe transform prejudices into opportunities. In this case, the challenges are clear from the beginning, and we always keep older people at the center of the conversation,\u201d says Ver\u00f3nica Capurro, director of Digital Immigrants, psychologist, teacher and social entrepreneur.<\/p>\n\n\n\n<p class=\"wp-block-paragraph\">Digital exclusion not only limits access to essential services but also reinforces dependency and social isolation. As Ang\u00e9lica Pomato, one of the project participants, describes it: \u201cThe computer doesn&#039;t bite, let&#039;s start there.\u201d She emphasizes the importance of peer collaboration, stressing that \u201cit&#039;s very important that we know how to do it ourselves, and that we can teach people our age, because it&#039;s not just about completing a procedure. For me, it&#039;s wonderful to have learned so much.\u201d.<\/p>\n\n\n\n<p class=\"wp-block-paragraph\">For older adults, technology represents both a barrier and an opportunity. \u201cAt first, we struggled to overcome the barrier imposed by both the older adults themselves and their environment regarding their ability to be independent in using technology. Training them as digital facilitators was key to building trust and making content and opportunities to help their peers accessible,\u201d Capurro adds.<\/p>\n\n\n\n<figure class=\"wp-block-image size-large\"><img loading=\"lazy\" decoding=\"async\" width=\"1080\" height=\"720\" src=\"http:\/\/34.39.255.174\/wp-content\/uploads\/2025\/03\/3-edited.jpg\" alt=\"\" class=\"wp-image-1211\" srcset=\"https:\/\/ayni.mascomunidad.org.ar\/wp-content\/uploads\/2025\/03\/3-edited.jpg 1080w, https:\/\/ayni.mascomunidad.org.ar\/wp-content\/uploads\/2025\/03\/3-edited-300x200.jpg 300w, https:\/\/ayni.mascomunidad.org.ar\/wp-content\/uploads\/2025\/03\/3-edited-1024x683.jpg 1024w, https:\/\/ayni.mascomunidad.org.ar\/wp-content\/uploads\/2025\/03\/3-edited-768x512.jpg 768w, https:\/\/ayni.mascomunidad.org.ar\/wp-content\/uploads\/2025\/03\/3-edited-18x12.jpg 18w\" sizes=\"auto, (max-width: 1080px) 100vw, 1080px\" \/><figcaption class=\"wp-element-caption\">Ver\u00f3nica Capurro and Florencia Platino<\/figcaption><\/figure>\n\n\n\n<h2 class=\"wp-block-heading has-medium-font-size\"><strong>The solution: older people taking the lead in their digital inclusion<\/strong><\/h2>\n\n\n\n<p class=\"wp-block-paragraph\">The project proposes the creation of digital consultancies in GCBA Day Centers, where older adults trained as digital facilitators assist their peers. This model combines personalized training, practical tools such as a resource guide for digital procedures, and intersectoral partnerships to ensure its sustainability.<\/p>\n\n\n\n<p class=\"wp-block-paragraph\">\u201cWhat unites us is the conviction to put people at the center,\u201d Capurro emphasizes. \u201cBefore, we worked in a network, but we didn\u2019t usually combine their strengths in the design. This time, we invited other stakeholders from the very beginning.\u201d.<\/p>\n\n\n\n<p class=\"wp-block-paragraph\">Florencia Platino, liaison for the Government of the City of Buenos Aires, emphasizes: \u201cThe methodology of the Local Innovators Program allowed us to delve deeper into the problem of the digital divide from a systemic perspective, identify opportunities for improvement, and integrate approaches that we had not previously considered. Now we complement each other as a team and have managed to strengthen the initiative with infrastructure, resources, and experience.\u201d.<\/p>\n\n\n\n<p class=\"wp-block-paragraph\">The design included a pilot program in two Day Centers, which allowed for the validation of hypotheses, the adjustment of solutions, and the inclusion of new stakeholders. \u201cSome are surprised by the impact of the proposal,\u201d Capurro adds.<\/p>\n\n\n\n<p class=\"has-small-font-size wp-block-paragraph\">Older people as protagonists of their digital inclusion<\/p>\n\n\n\n<figure class=\"wp-block-image size-large\"><img loading=\"lazy\" decoding=\"async\" width=\"1200\" height=\"800\" src=\"http:\/\/34.39.255.174\/wp-content\/uploads\/2025\/03\/fd04a7df-1ba9-4c3e-bc7e-a0b8923a050b-edited-1.jpg\" alt=\"\" class=\"wp-image-1207\" srcset=\"https:\/\/ayni.mascomunidad.org.ar\/wp-content\/uploads\/2025\/03\/fd04a7df-1ba9-4c3e-bc7e-a0b8923a050b-edited-1.jpg 1200w, https:\/\/ayni.mascomunidad.org.ar\/wp-content\/uploads\/2025\/03\/fd04a7df-1ba9-4c3e-bc7e-a0b8923a050b-edited-1-300x200.jpg 300w, https:\/\/ayni.mascomunidad.org.ar\/wp-content\/uploads\/2025\/03\/fd04a7df-1ba9-4c3e-bc7e-a0b8923a050b-edited-1-1024x683.jpg 1024w, https:\/\/ayni.mascomunidad.org.ar\/wp-content\/uploads\/2025\/03\/fd04a7df-1ba9-4c3e-bc7e-a0b8923a050b-edited-1-768x512.jpg 768w, https:\/\/ayni.mascomunidad.org.ar\/wp-content\/uploads\/2025\/03\/fd04a7df-1ba9-4c3e-bc7e-a0b8923a050b-edited-1-18x12.jpg 18w\" sizes=\"auto, (max-width: 1200px) 100vw, 1200px\" \/><figcaption class=\"wp-element-caption\">Training day.<\/figcaption><\/figure>\n\n\n\n<h2 class=\"wp-block-heading has-medium-font-size\"><strong>Collaborative work also allows for significant achievements.<\/strong><\/h2>\n\n\n\n<p class=\"wp-block-paragraph\">Alba Imbert, coordinator of Day Center Number 1, recounts a case that illustrates how technology can have a transformative impact: \u201cAn elderly man hadn&#039;t been able to locate one of his children for about five years. Through the day center, we searched for him on social media, through the Federal Police&#039;s Missing Persons Unit (COB), and using various tools we discovered based on our training. We finally found the person, and the two were reunited.\u201d It was like magic.<\/p>\n\n\n\n<p class=\"wp-block-paragraph\">Finally, Clara Robledo, from Hogar Rawson, shares her personal experience: \u201cBefore I was very &#039;me&#039;, through this program I have become more supportive of my colleagues.\u2018.&nbsp;<\/p>\n\n\n\n<p class=\"wp-block-paragraph\">This is the first collaborative project between Digital Immigrants and the City of Buenos Aires (GCBA). Although there were initial challenges, the team emphasizes the importance of listening and collaboration. \u201cWe make time to listen to each other. Having a facilitator who helps us integrate perspectives and manage time was key,\u201d says Capurro.<\/p>\n\n\n\n<p class=\"wp-block-paragraph\">\u201cThe collaborative work process proposed by the Local Innovators Program helped us move from the idea to the development of a tested initiative, with participatory design, replicable and scalable,\u201d Platino concludes.<\/p>\n\n\n\n<figure class=\"wp-block-image size-large\"><img loading=\"lazy\" decoding=\"async\" width=\"2560\" height=\"1919\" src=\"http:\/\/34.39.255.174\/wp-content\/uploads\/2025\/03\/Foro-Americas-de-la-GDC-RIL-13-edited-scaled.jpg\" alt=\"\" class=\"wp-image-1209\" srcset=\"https:\/\/ayni.mascomunidad.org.ar\/wp-content\/uploads\/2025\/03\/Foro-Americas-de-la-GDC-RIL-13-edited-scaled.jpg 2560w, https:\/\/ayni.mascomunidad.org.ar\/wp-content\/uploads\/2025\/03\/Foro-Americas-de-la-GDC-RIL-13-edited-300x225.jpg 300w, https:\/\/ayni.mascomunidad.org.ar\/wp-content\/uploads\/2025\/03\/Foro-Americas-de-la-GDC-RIL-13-edited-1024x768.jpg 1024w, https:\/\/ayni.mascomunidad.org.ar\/wp-content\/uploads\/2025\/03\/Foro-Americas-de-la-GDC-RIL-13-edited-768x576.jpg 768w, https:\/\/ayni.mascomunidad.org.ar\/wp-content\/uploads\/2025\/03\/Foro-Americas-de-la-GDC-RIL-13-edited-1536x1152.jpg 1536w, https:\/\/ayni.mascomunidad.org.ar\/wp-content\/uploads\/2025\/03\/Foro-Americas-de-la-GDC-RIL-13-edited-2048x1535.jpg 2048w, https:\/\/ayni.mascomunidad.org.ar\/wp-content\/uploads\/2025\/03\/Foro-Americas-de-la-GDC-RIL-13-edited-16x12.jpg 16w\" sizes=\"auto, (max-width: 2560px) 100vw, 2560px\" \/><figcaption class=\"wp-element-caption\">From left to right: Magdalena Saieg (Navarro Viola Foundation), Ver\u00f3nica Capurro (Digital Immigrants), and Gonzalo Straface (Government of the City of Buenos Aires). Photo: Danila Pagano Bianchini.<\/figcaption><\/figure>\n\n\n\n<p class=\"wp-block-paragraph\">At the GDC Americas Forum, Gonzalo Straface, General Director of the Silver Economy at the Undersecretariat for Older Persons of the City of Buenos Aires, emphasized the importance of addressing the challenges of digital inclusion for older adults collaboratively: \u201cThere are many challenges to overcome regarding the inclusion of older adults. They range from mobility to employment. If we don&#039;t tackle this together with the private sector and civil society, it&#039;s impossible. The government must create incentives for companies to hire older adults.\u201d.&nbsp;<\/p>\n\n\n\n<p class=\"wp-block-paragraph\">The team is seeking funding and strategic partners to scale this digital inclusion model. Digital Consultancies for Older Adults offer a unique opportunity to transform lives, empower communities, and build an inclusive ecosystem in an increasingly digital world.<\/p>\n\n\n\n<h2 class=\"wp-block-heading has-medium-font-size\"><strong>What makes this initiative innovative?<\/strong> Older people as protagonists of their digital inclusion<\/h2>\n\n\n\n<p class=\"wp-block-paragraph\">The Digital Consulting model for Older Adults is innovative for several reasons:<\/p>\n\n\n\n<ul class=\"wp-block-list\">\n<li>It puts older people at the center: They themselves volunteer to receive training and become digital facilitators to support their peers.<br><\/li>\n\n\n\n<li>It integrates multiple actors from the design stage: Unlike other initiatives, it involves the public and private sectors and social organizations from the earliest stages.<br><\/li>\n\n\n\n<li>Proven methodology: The implementation of the pilot allowed us to adjust solutions, prioritize key products such as the resource manager, and validate the expected impact.<br><\/li>\n\n\n\n<li>Replicable model: The proposal can be easily adapted to other community spaces, promoting active aging and digital inclusion.<\/li>\n<\/ul>\n\n\n\n<p class=\"wp-block-paragraph\">This initiative not only solves an immediate problem, but also lays the foundation for a more inclusive and connected society, where technology is a tool for integration for all.<\/p>\n\n\n\n<p class=\"wp-block-paragraph\">Platino maintains: \u201cThe Change Network meeting, with different sectors involved, is fundamental to validating hypotheses and bringing together other actors who share the same challenges. This collaboration allows co-created solutions to be more robust and sustainable.\u201d.<\/p>\n\n\n\n<h2 class=\"wp-block-heading has-medium-font-size\"><strong>Expected impact and sustainability<\/strong><\/h2>\n\n\n\n<p class=\"wp-block-paragraph\">With 12 planned consultancies in Day Centers, the project is expected to directly benefit 1,400 seniors and indirectly reach another 6,000. This scalable and replicable model could be expanded to other community spaces, such as senior centers, clubs, and universities.<\/p>\n\n\n\n<p class=\"wp-block-paragraph\">\u201cWe want the impact of our actions to be visible,\u201d says Capurro. The team is working on designing joint training programs and digital resources to support the digital facilitators, ensuring the project is sustainable and accessible to more communities. Those interested in joining can find more information by visiting the Local Solutions Marketplace link. <a href=\"https:\/\/i-marketplace.org\/proyectos-int.php?proyecto=199\" target=\"_blank\" rel=\"noreferrer noopener\">https:\/\/i-marketplace.org\/proyectos-int.php?proyecto=199<\/a><\/p>\n\n\n\n<figure class=\"wp-block-embed is-type-video is-provider-youtube wp-block-embed-youtube wp-embed-aspect-16-9 wp-has-aspect-ratio\"><div class=\"wp-block-embed__wrapper\">\n<iframe loading=\"lazy\" title=\"Buenos Aires, Argentina\" width=\"880\" height=\"495\" src=\"https:\/\/www.youtube.com\/embed\/_3RivzLOTz4?feature=oembed\" frameborder=\"0\" allow=\"accelerometer; autoplay; clipboard-write; encrypted-media; gyroscope; picture-in-picture; web-share\" referrerpolicy=\"strict-origin-when-cross-origin\" allowfullscreen><\/iframe>\n<\/div><figcaption class=\"wp-element-caption\">Final video pitch delivered by the team at PIL 2024.<\/figcaption><\/figure>\n\n\n\n<p class=\"has-white-color has-text-color has-background has-link-color has-small-font-size wp-elements-2 wp-block-paragraph\" style=\"background-color:#ffffff00\">Older people as protagonists of their digital inclusion<\/p>\n\n\n\n<p class=\"wp-block-paragraph\"><strong>ENG<\/strong><\/p>\n\n\n\n<h2 class=\"wp-block-heading\">Older Adults, Leading the Way in Their Own Digital Inclusion<\/h2>\n\n\n\n<p class=\"wp-block-paragraph\">In Buenos Aires, where over 23% of the population is aged 60 and older, an initiative developed through the 2024 Local Innovators Program aims to tackle digital exclusion through a collaborative and scalable model. The Digital Consultations for Older Adults, led by volunteer peers, offer autonomy and participation in the digital world. This dedicated team was part of the GDC Americas Forum held on March 19\u201320 in Buenos Aires, where they presented the initiative and discussed how this model can be scaled.<\/p>\n\n\n\n<h2 class=\"wp-block-heading has-medium-font-size\">The Challenge<\/h2>\n\n\n\n<p class=\"wp-block-paragraph\">More than 715,000 older adults live in Buenos Aires, 60% of whom face challenges in completing digital procedures. Although some initiatives exist, few manage to scale and adapt to the specific needs of this demographic.<\/p>\n\n\n\n<p class=\"wp-block-paragraph\">\u201c&quot;We turn prejudice into opportunity. In this case, the challenges are clear from the start, and we always keep older adults at the center of the conversation,&quot; says Ver\u00f3nica Capurro, director of <em>Digital Immigrants<\/em>, psychologist, teacher, and social entrepreneur.<\/p>\n\n\n\n<p class=\"wp-block-paragraph\">Digital exclusion not only limits access to essential services\u2014it also reinforces dependency and social isolation. As Ang\u00e9lica Pomato, one of the project participants, puts it: \u201cComputers don&#039;t bite\u2014let&#039;s start there.\u201d She emphasizes the importance of peer collaboration: &quot;It&#039;s important that we know how to do it ourselves and that we can teach people our own age. It&#039;s not just about completing a task. For me, it&#039;s amazing how much I&#039;ve learned.&quot;\u201c<\/p>\n\n\n\n<p class=\"wp-block-paragraph\">For older adults, technology can be both a barrier and an opportunity. &quot;At first, it was hard to overcome the mental barriers\u2014both from the older adults themselves and their environments\u2014regarding their ability to use technology autonomously. Training them as digital facilitators was key to building trust and making content and opportunities accessible to their peers,&quot; adds Capurro.<\/p>\n\n\n\n<figure class=\"wp-block-image size-large\"><img loading=\"lazy\" decoding=\"async\" width=\"1024\" height=\"683\" src=\"http:\/\/34.39.255.174\/wp-content\/uploads\/2025\/03\/Foro-Americas-de-la-GDC-RIL-4-1024x683.jpg\" alt=\"\" class=\"wp-image-1212\" srcset=\"https:\/\/ayni.mascomunidad.org.ar\/wp-content\/uploads\/2025\/03\/Foro-Americas-de-la-GDC-RIL-4-1024x683.jpg 1024w, https:\/\/ayni.mascomunidad.org.ar\/wp-content\/uploads\/2025\/03\/Foro-Americas-de-la-GDC-RIL-4-300x200.jpg 300w, https:\/\/ayni.mascomunidad.org.ar\/wp-content\/uploads\/2025\/03\/Foro-Americas-de-la-GDC-RIL-4-768x512.jpg 768w, https:\/\/ayni.mascomunidad.org.ar\/wp-content\/uploads\/2025\/03\/Foro-Americas-de-la-GDC-RIL-4-1536x1024.jpg 1536w, https:\/\/ayni.mascomunidad.org.ar\/wp-content\/uploads\/2025\/03\/Foro-Americas-de-la-GDC-RIL-4-2048x1365.jpg 2048w, https:\/\/ayni.mascomunidad.org.ar\/wp-content\/uploads\/2025\/03\/Foro-Americas-de-la-GDC-RIL-4-18x12.jpg 18w\" sizes=\"auto, (max-width: 1024px) 100vw, 1024px\" \/><figcaption class=\"wp-element-caption\">Ver\u00f3nica Capurro at the GDC Americas Forum<br>PH: Danila Pagano Bianchini.<\/figcaption><\/figure>\n\n\n\n<h2 class=\"wp-block-heading has-medium-font-size\">The Solution: Inclusive Digital Consultations<\/h2>\n\n\n\n<p class=\"wp-block-paragraph\">The project proposes setting up digital consultations in public Day Centers run by the Buenos Aires City Government (GCBA), where older adults trained as digital facilitators help their peers. This model combines personalized training, practical tools\u2014like a digital procedures resource guide\u2014and cross-sector partnerships to ensure sustainability.<\/p>\n\n\n\n<p class=\"wp-block-paragraph\">\u201cWhat unites us is the conviction to put the person at the center,\u201d says Capurro. &quot;We used to work in networks, but didn&#039;t usually involve their strength in the design process. This time, we brought others in from the very beginning.&quot;\u201c<\/p>\n\n\n\n<p class=\"wp-block-paragraph\">Florencia Platino, liaison for the Buenos Aires City Government, emphasizes: &quot;The methodology of the Local Innovators Program allowed us to delve into the digital divide from a systemic perspective, identify improvement opportunities, and integrate approaches we had not previously considered. Now, as a team, we complement each other and enhance the initiative with infrastructure, resources, and expertise.&quot;\u201c<\/p>\n\n\n\n<p class=\"wp-block-paragraph\">The design included a pilot in two Day Centers that helped validate hypotheses, refine solutions, and bring in new stakeholders. \u201cSome are surprised by the proposal&#039;s impact,\u201d Capurro adds.<\/p>\n\n\n\n<h2 class=\"wp-block-heading has-medium-font-size\">Collaborative Work Yields Real Results<\/h2>\n\n\n\n<p class=\"wp-block-paragraph\">Alba Imbert, coordinator of Day Center No. 1, shares a story illustrating how technology can transform lives: &quot;One older adult hadn&#039;t had any contact with one of his children for about five years. Through the Day Center, we searched on social media, contacted the Missing Persons Unit of the Federal Police, and used the tools we had learned about\u2014and we found the person. They were reunited.&quot; It was magic.<\/p>\n\n\n\n<p class=\"wp-block-paragraph\">Finally, Clara Robledo from Hogar Rawson shares her personal experience: &quot;I used to be very focused on myself. Through this program, I&#039;ve become much more supportive of my peers.&quot;\u201c<\/p>\n\n\n\n<p class=\"wp-block-paragraph\">This marks the first collaborative effort between <em>Digital Immigrants<\/em> and the GCBA. Although there were initial challenges, the team highlights the importance of active listening and coordination. &quot;We make space to listen to one another. Having a facilitator to help integrate perspectives and manage timelines was key,&quot; says Capurro.<\/p>\n\n\n\n<p class=\"wp-block-paragraph\">\u201cThe joint process encouraged by the Local Innovators Program helped us move from an idea to a fully tested initiative, with participatory design, that&#039;s both replicable and scalable,\u201d Platino concludes.<\/p>\n\n\n\n<p class=\"wp-block-paragraph\">At the GDC Americas Forum, Gonzalo Straface, General Director of the Silver Economy at the Buenos Aires City Government&#039;s Office for Older Adults, emphasized the need to address the challenges of digital inclusion collaboratively:<br>\u201c&quot;There are many challenges when it comes to including older adults\u2014from mobility to employment. If we don&#039;t tackle this together with the private sector and civil society, it won&#039;t work. As a government, we must create incentives for companies to hire older adults.&quot;\u201d<\/p>\n\n\n\n<p class=\"wp-block-paragraph\">The team is now seeking funding and strategic partners to scale this digital inclusion model. Digital Consultations for Older Adults represent a unique opportunity to transform lives, empower communities, and build an inclusive ecosystem in an increasingly digital world.<\/p>\n\n\n\n<figure class=\"wp-block-image size-large\"><img loading=\"lazy\" decoding=\"async\" width=\"1600\" height=\"1067\" src=\"http:\/\/34.39.255.174\/wp-content\/uploads\/2025\/03\/2-edited.jpg\" alt=\"\" class=\"wp-image-1214\" srcset=\"https:\/\/ayni.mascomunidad.org.ar\/wp-content\/uploads\/2025\/03\/2-edited.jpg 1600w, https:\/\/ayni.mascomunidad.org.ar\/wp-content\/uploads\/2025\/03\/2-edited-300x200.jpg 300w, https:\/\/ayni.mascomunidad.org.ar\/wp-content\/uploads\/2025\/03\/2-edited-1024x683.jpg 1024w, https:\/\/ayni.mascomunidad.org.ar\/wp-content\/uploads\/2025\/03\/2-edited-768x512.jpg 768w, https:\/\/ayni.mascomunidad.org.ar\/wp-content\/uploads\/2025\/03\/2-edited-1536x1024.jpg 1536w, https:\/\/ayni.mascomunidad.org.ar\/wp-content\/uploads\/2025\/03\/2-edited-18x12.jpg 18w\" sizes=\"auto, (max-width: 1600px) 100vw, 1600px\" \/><\/figure>\n\n\n\n<h2 class=\"wp-block-heading has-medium-font-size\">What Makes This Initiative Innovative?<\/h2>\n\n\n\n<p class=\"wp-block-paragraph\">The Digital Consultations for Older Adults model is innovative for several reasons:<\/p>\n\n\n\n<ul class=\"wp-block-list\">\n<li>It puts older adults at the forefront: They volunteer to receive training and become digital facilitators who support their peers.<br><\/li>\n\n\n\n<li>It integrates multiple stakeholders from the start: Unlike other efforts, it involves the public and private sectors as well as social organizations from the design phase.<br><\/li>\n\n\n\n<li>Proven methodology: The pilot&#039;s implementation allowed the team to refine solutions, prioritize key tools like the resource guide, and validate expected impact.<br><\/li>\n\n\n\n<li>Scalable model: The initiative can be easily adapted to other community spaces, promoting active aging and digital inclusion.<\/li>\n<\/ul>\n\n\n\n<p class=\"wp-block-paragraph\">This initiative not only addresses an immediate issue\u2014it lays the foundation for a more inclusive and connected society, where technology becomes a tool for integration, not division.<\/p>\n\n\n\n<p class=\"wp-block-paragraph\">Platino notes: &quot;Bringing together the Change Network, with different sectors involved, is essential to validate hypotheses and bring in others facing similar challenges. That collaboration makes co-created solutions stronger and more sustainable.&quot;\u201c<\/p>\n\n\n\n<h2 class=\"wp-block-heading has-medium-font-size\">Expected Impact and Sustainability<\/h2>\n\n\n\n<p class=\"wp-block-paragraph\">With 12 consultations planned in Day Centers, the project expects to directly benefit 1,400 older adults and reach an additional 6,000 indirectly. This replicable and scalable model could expand to other community spaces like retirement centers, clubs, and universities.<\/p>\n\n\n\n<p class=\"wp-block-paragraph\">\u201cWe want our impact to be visible,\u201d says Capurro. The team is working on designing joint training and digital resources to support the facilitators, ensuring the project remains sustainable and accessible to more communities.<\/p>\n\n\n\n<p class=\"wp-block-paragraph\">Those interested in joining the effort can learn more by visiting the Local Solutions Marketplace: <a href=\"https:\/\/i-marketplace.org\/proyectos-int.php?proyecto=199\" target=\"_blank\" rel=\"noreferrer noopener\"> https:\/\/i-marketplace.org\/proyectos-int.php?proyecto=199<\/a><\/p>\n\n\n\n<p class=\"wp-block-paragraph\"><\/p>","protected":false},"excerpt":{"rendered":"<p>Personas mayores, protagonistas de su inclusi\u00f3n digital: en una ciudad donde m\u00e1s del 23% de la poblaci\u00f3n supera los 60 a\u00f1os, Buenos Aires impulsa una iniciativa dentro del Programa de Innovadores Locales 2024 para combatir la exclusi\u00f3n digital y acercar la tecnolog\u00eda a quienes m\u00e1s lo necesitan.<\/p>","protected":false},"author":2,"featured_media":1198,"comment_status":"closed","ping_status":"closed","sticky":false,"template":"","format":"standard","meta":{"footnotes":""},"categories":[404],"tags":[],"class_list":["post-1204","post","type-post","status-publish","format-standard","has-post-thumbnail","hentry","category-innovadoresdestacados"],"yoast_head":"<!-- This site is optimized with the Yoast SEO plugin v26.9 - https:\/\/yoast.com\/product\/yoast-seo-wordpress\/ -->\n<title>Personas mayores, protagonistas de su inclusi\u00f3n digital - AYNI en Historias<\/title>\n<meta name=\"description\" content=\"Personas mayores, protagonistas de su inclusi\u00f3n digital: en una ciudad donde m\u00e1s del 23% de la poblaci\u00f3n supera los 60 a\u00f1os, Buenos Aires impulsa una iniciativa para combatir la exclusi\u00f3n digital y acercar la tecnolog\u00eda a quienes m\u00e1s lo necesitan.\" \/>\n<meta name=\"robots\" content=\"index, follow, max-snippet:-1, max-image-preview:large, max-video-preview:-1\" \/>\n<link rel=\"canonical\" href=\"https:\/\/ayni.mascomunidad.org.ar\/en\/personas-mayores-inclusion-digital\/\" \/>\n<meta property=\"og:locale\" content=\"en_US\" \/>\n<meta property=\"og:type\" content=\"article\" \/>\n<meta property=\"og:title\" content=\"Personas mayores, protagonistas de su inclusi\u00f3n digital - AYNI en Historias\" \/>\n<meta property=\"og:description\" content=\"Personas mayores, protagonistas de su inclusi\u00f3n digital: en una ciudad donde m\u00e1s del 23% de la poblaci\u00f3n supera los 60 a\u00f1os, Buenos Aires impulsa una iniciativa para combatir la exclusi\u00f3n digital y acercar la tecnolog\u00eda a quienes m\u00e1s lo necesitan.\" \/>\n<meta property=\"og:url\" content=\"https:\/\/ayni.mascomunidad.org.ar\/en\/personas-mayores-inclusion-digital\/\" \/>\n<meta property=\"og:site_name\" content=\"AYNI en Historias\" \/>\n<meta property=\"article:published_time\" content=\"2025-03-28T15:15:04+00:00\" \/>\n<meta property=\"article:modified_time\" content=\"2025-03-28T15:17:48+00:00\" \/>\n<meta property=\"og:image\" content=\"https:\/\/ayni.mascomunidad.org.ar\/wp-content\/uploads\/2025\/03\/Foro-Americas-de-la-GDC-RIL-16-scaled.jpg\" \/>\n\t<meta property=\"og:image:width\" content=\"2560\" \/>\n\t<meta property=\"og:image:height\" content=\"1707\" \/>\n\t<meta property=\"og:image:type\" content=\"image\/jpeg\" \/>\n<meta name=\"author\" content=\"mascomunidadweb\" \/>\n<meta name=\"twitter:card\" content=\"summary_large_image\" \/>\n<meta name=\"twitter:label1\" content=\"Written by\" \/>\n\t<meta name=\"twitter:data1\" content=\"mascomunidadweb\" \/>\n\t<meta name=\"twitter:label2\" content=\"Est. reading time\" \/>\n\t<meta name=\"twitter:data2\" content=\"12 minutes\" \/>\n<script type=\"application\/ld+json\" class=\"yoast-schema-graph\">{\"@context\":\"https:\/\/schema.org\",\"@graph\":[{\"@type\":\"Article\",\"@id\":\"https:\/\/ayni.mascomunidad.org.ar\/en\/personas-mayores-inclusion-digital\/#article\",\"isPartOf\":{\"@id\":\"https:\/\/ayni.mascomunidad.org.ar\/en\/personas-mayores-inclusion-digital\/\"},\"author\":{\"name\":\"mascomunidadweb\",\"@id\":\"https:\/\/ayni.mascomunidad.org.ar\/#\/schema\/person\/2855be38c34d38e27345dd89a0904532\"},\"headline\":\"Personas mayores, protagonistas de su inclusi\u00f3n digital\",\"datePublished\":\"2025-03-28T15:15:04+00:00\",\"dateModified\":\"2025-03-28T15:17:48+00:00\",\"mainEntityOfPage\":{\"@id\":\"https:\/\/ayni.mascomunidad.org.ar\/en\/personas-mayores-inclusion-digital\/\"},\"wordCount\":2383,\"image\":{\"@id\":\"https:\/\/ayni.mascomunidad.org.ar\/en\/personas-mayores-inclusion-digital\/#primaryimage\"},\"thumbnailUrl\":\"https:\/\/ayni.mascomunidad.org.ar\/wp-content\/uploads\/2025\/03\/Foro-Americas-de-la-GDC-RIL-16-scaled.jpg\",\"articleSection\":[\"#INNOVADORESDESTACADOS\"],\"inLanguage\":\"en-US\"},{\"@type\":\"WebPage\",\"@id\":\"https:\/\/ayni.mascomunidad.org.ar\/en\/personas-mayores-inclusion-digital\/\",\"url\":\"https:\/\/ayni.mascomunidad.org.ar\/en\/personas-mayores-inclusion-digital\/\",\"name\":\"Personas mayores, protagonistas de su inclusi\u00f3n digital - AYNI en Historias\",\"isPartOf\":{\"@id\":\"https:\/\/ayni.mascomunidad.org.ar\/#website\"},\"primaryImageOfPage\":{\"@id\":\"https:\/\/ayni.mascomunidad.org.ar\/en\/personas-mayores-inclusion-digital\/#primaryimage\"},\"image\":{\"@id\":\"https:\/\/ayni.mascomunidad.org.ar\/en\/personas-mayores-inclusion-digital\/#primaryimage\"},\"thumbnailUrl\":\"https:\/\/ayni.mascomunidad.org.ar\/wp-content\/uploads\/2025\/03\/Foro-Americas-de-la-GDC-RIL-16-scaled.jpg\",\"datePublished\":\"2025-03-28T15:15:04+00:00\",\"dateModified\":\"2025-03-28T15:17:48+00:00\",\"author\":{\"@id\":\"https:\/\/ayni.mascomunidad.org.ar\/#\/schema\/person\/2855be38c34d38e27345dd89a0904532\"},\"description\":\"Personas mayores, protagonistas de su inclusi\u00f3n digital: en una ciudad donde m\u00e1s del 23% de la poblaci\u00f3n supera los 60 a\u00f1os, Buenos Aires impulsa una iniciativa para combatir la exclusi\u00f3n digital y acercar la tecnolog\u00eda a quienes m\u00e1s lo necesitan.\",\"breadcrumb\":{\"@id\":\"https:\/\/ayni.mascomunidad.org.ar\/en\/personas-mayores-inclusion-digital\/#breadcrumb\"},\"inLanguage\":\"en-US\",\"potentialAction\":[{\"@type\":\"ReadAction\",\"target\":[\"https:\/\/ayni.mascomunidad.org.ar\/en\/personas-mayores-inclusion-digital\/\"]}]},{\"@type\":\"ImageObject\",\"inLanguage\":\"en-US\",\"@id\":\"https:\/\/ayni.mascomunidad.org.ar\/en\/personas-mayores-inclusion-digital\/#primaryimage\",\"url\":\"https:\/\/ayni.mascomunidad.org.ar\/wp-content\/uploads\/2025\/03\/Foro-Americas-de-la-GDC-RIL-16-scaled.jpg\",\"contentUrl\":\"https:\/\/ayni.mascomunidad.org.ar\/wp-content\/uploads\/2025\/03\/Foro-Americas-de-la-GDC-RIL-16-scaled.jpg\",\"width\":2560,\"height\":1707},{\"@type\":\"BreadcrumbList\",\"@id\":\"https:\/\/ayni.mascomunidad.org.ar\/en\/personas-mayores-inclusion-digital\/#breadcrumb\",\"itemListElement\":[{\"@type\":\"ListItem\",\"position\":1,\"name\":\"Inicio\",\"item\":\"https:\/\/ayni.mascomunidad.org.ar\/\"},{\"@type\":\"ListItem\",\"position\":2,\"name\":\"Personas mayores, protagonistas de su inclusi\u00f3n digital\"}]},{\"@type\":\"WebSite\",\"@id\":\"https:\/\/ayni.mascomunidad.org.ar\/#website\",\"url\":\"https:\/\/ayni.mascomunidad.org.ar\/\",\"name\":\"AYNI en Historias\",\"description\":\"Progama de Innovadores Locales\",\"potentialAction\":[{\"@type\":\"SearchAction\",\"target\":{\"@type\":\"EntryPoint\",\"urlTemplate\":\"https:\/\/ayni.mascomunidad.org.ar\/?s={search_term_string}\"},\"query-input\":{\"@type\":\"PropertyValueSpecification\",\"valueRequired\":true,\"valueName\":\"search_term_string\"}}],\"inLanguage\":\"en-US\"},{\"@type\":\"Person\",\"@id\":\"https:\/\/ayni.mascomunidad.org.ar\/#\/schema\/person\/2855be38c34d38e27345dd89a0904532\",\"name\":\"mascomunidadweb\",\"image\":{\"@type\":\"ImageObject\",\"inLanguage\":\"en-US\",\"@id\":\"https:\/\/ayni.mascomunidad.org.ar\/#\/schema\/person\/image\/\",\"url\":\"https:\/\/secure.gravatar.com\/avatar\/f07411044f17f510c76640e3c1c4ec9b4af25998298b8e4828b52b4182690d6b?s=96&d=mm&r=g\",\"contentUrl\":\"https:\/\/secure.gravatar.com\/avatar\/f07411044f17f510c76640e3c1c4ec9b4af25998298b8e4828b52b4182690d6b?s=96&d=mm&r=g\",\"caption\":\"mascomunidadweb\"},\"url\":\"https:\/\/ayni.mascomunidad.org.ar\/en\/author\/mascomunidadweb\/\"}]}<\/script>\n<!-- \/ Yoast SEO plugin. -->","yoast_head_json":{"title":"Older people, protagonists of their digital inclusion - AYNI in Stories","description":"Older people, protagonists of their digital inclusion: in a city where more than 231% of the population is over 60 years old, Buenos Aires is promoting an initiative to combat digital exclusion and bring technology closer to those who need it most.","robots":{"index":"index","follow":"follow","max-snippet":"max-snippet:-1","max-image-preview":"max-image-preview:large","max-video-preview":"max-video-preview:-1"},"canonical":"https:\/\/ayni.mascomunidad.org.ar\/en\/personas-mayores-inclusion-digital\/","og_locale":"en_US","og_type":"article","og_title":"Personas mayores, protagonistas de su inclusi\u00f3n digital - AYNI en Historias","og_description":"Personas mayores, protagonistas de su inclusi\u00f3n digital: en una ciudad donde m\u00e1s del 23% de la poblaci\u00f3n supera los 60 a\u00f1os, Buenos Aires impulsa una iniciativa para combatir la exclusi\u00f3n digital y acercar la tecnolog\u00eda a quienes m\u00e1s lo necesitan.","og_url":"https:\/\/ayni.mascomunidad.org.ar\/en\/personas-mayores-inclusion-digital\/","og_site_name":"AYNI en Historias","article_published_time":"2025-03-28T15:15:04+00:00","article_modified_time":"2025-03-28T15:17:48+00:00","og_image":[{"width":2560,"height":1707,"url":"https:\/\/ayni.mascomunidad.org.ar\/wp-content\/uploads\/2025\/03\/Foro-Americas-de-la-GDC-RIL-16-scaled.jpg","type":"image\/jpeg"}],"author":"mascomunidadweb","twitter_card":"summary_large_image","twitter_misc":{"Written by":"mascomunidadweb","Est. reading time":"12 minutes"},"schema":{"@context":"https:\/\/schema.org","@graph":[{"@type":"Article","@id":"https:\/\/ayni.mascomunidad.org.ar\/en\/personas-mayores-inclusion-digital\/#article","isPartOf":{"@id":"https:\/\/ayni.mascomunidad.org.ar\/en\/personas-mayores-inclusion-digital\/"},"author":{"name":"mascomunidadweb","@id":"https:\/\/ayni.mascomunidad.org.ar\/#\/schema\/person\/2855be38c34d38e27345dd89a0904532"},"headline":"Personas mayores, protagonistas de su inclusi\u00f3n digital","datePublished":"2025-03-28T15:15:04+00:00","dateModified":"2025-03-28T15:17:48+00:00","mainEntityOfPage":{"@id":"https:\/\/ayni.mascomunidad.org.ar\/en\/personas-mayores-inclusion-digital\/"},"wordCount":2383,"image":{"@id":"https:\/\/ayni.mascomunidad.org.ar\/en\/personas-mayores-inclusion-digital\/#primaryimage"},"thumbnailUrl":"https:\/\/ayni.mascomunidad.org.ar\/wp-content\/uploads\/2025\/03\/Foro-Americas-de-la-GDC-RIL-16-scaled.jpg","articleSection":["#INNOVADORESDESTACADOS"],"inLanguage":"en-US"},{"@type":"WebPage","@id":"https:\/\/ayni.mascomunidad.org.ar\/en\/personas-mayores-inclusion-digital\/","url":"https:\/\/ayni.mascomunidad.org.ar\/en\/personas-mayores-inclusion-digital\/","name":"Older people, protagonists of their digital inclusion - AYNI in Stories","isPartOf":{"@id":"https:\/\/ayni.mascomunidad.org.ar\/#website"},"primaryImageOfPage":{"@id":"https:\/\/ayni.mascomunidad.org.ar\/en\/personas-mayores-inclusion-digital\/#primaryimage"},"image":{"@id":"https:\/\/ayni.mascomunidad.org.ar\/en\/personas-mayores-inclusion-digital\/#primaryimage"},"thumbnailUrl":"https:\/\/ayni.mascomunidad.org.ar\/wp-content\/uploads\/2025\/03\/Foro-Americas-de-la-GDC-RIL-16-scaled.jpg","datePublished":"2025-03-28T15:15:04+00:00","dateModified":"2025-03-28T15:17:48+00:00","author":{"@id":"https:\/\/ayni.mascomunidad.org.ar\/#\/schema\/person\/2855be38c34d38e27345dd89a0904532"},"description":"Older people, protagonists of their digital inclusion: in a city where more than 231% of the population is over 60 years old, Buenos Aires is promoting an initiative to combat digital exclusion and bring technology closer to those who need it most.","breadcrumb":{"@id":"https:\/\/ayni.mascomunidad.org.ar\/en\/personas-mayores-inclusion-digital\/#breadcrumb"},"inLanguage":"en-US","potentialAction":[{"@type":"ReadAction","target":["https:\/\/ayni.mascomunidad.org.ar\/en\/personas-mayores-inclusion-digital\/"]}]},{"@type":"ImageObject","inLanguage":"en-US","@id":"https:\/\/ayni.mascomunidad.org.ar\/en\/personas-mayores-inclusion-digital\/#primaryimage","url":"https:\/\/ayni.mascomunidad.org.ar\/wp-content\/uploads\/2025\/03\/Foro-Americas-de-la-GDC-RIL-16-scaled.jpg","contentUrl":"https:\/\/ayni.mascomunidad.org.ar\/wp-content\/uploads\/2025\/03\/Foro-Americas-de-la-GDC-RIL-16-scaled.jpg","width":2560,"height":1707},{"@type":"BreadcrumbList","@id":"https:\/\/ayni.mascomunidad.org.ar\/en\/personas-mayores-inclusion-digital\/#breadcrumb","itemListElement":[{"@type":"ListItem","position":1,"name":"Inicio","item":"https:\/\/ayni.mascomunidad.org.ar\/"},{"@type":"ListItem","position":2,"name":"Personas mayores, protagonistas de su inclusi\u00f3n digital"}]},{"@type":"WebSite","@id":"https:\/\/ayni.mascomunidad.org.ar\/#website","url":"https:\/\/ayni.mascomunidad.org.ar\/","name":"AYNI in Stories","description":"Local Innovators Program","potentialAction":[{"@type":"SearchAction","target":{"@type":"EntryPoint","urlTemplate":"https:\/\/ayni.mascomunidad.org.ar\/?s={search_term_string}"},"query-input":{"@type":"PropertyValueSpecification","valueRequired":true,"valueName":"search_term_string"}}],"inLanguage":"en-US"},{"@type":"Person","@id":"https:\/\/ayni.mascomunidad.org.ar\/#\/schema\/person\/2855be38c34d38e27345dd89a0904532","name":"mascommunityweb","image":{"@type":"ImageObject","inLanguage":"en-US","@id":"https:\/\/ayni.mascomunidad.org.ar\/#\/schema\/person\/image\/","url":"https:\/\/secure.gravatar.com\/avatar\/f07411044f17f510c76640e3c1c4ec9b4af25998298b8e4828b52b4182690d6b?s=96&d=mm&r=g","contentUrl":"https:\/\/secure.gravatar.com\/avatar\/f07411044f17f510c76640e3c1c4ec9b4af25998298b8e4828b52b4182690d6b?s=96&d=mm&r=g","caption":"mascomunidadweb"},"url":"https:\/\/ayni.mascomunidad.org.ar\/en\/author\/mascomunidadweb\/"}]}},"amp_enabled":true,"_links":{"self":[{"href":"https:\/\/ayni.mascomunidad.org.ar\/en\/wp-json\/wp\/v2\/posts\/1204","targetHints":{"allow":["GET"]}}],"collection":[{"href":"https:\/\/ayni.mascomunidad.org.ar\/en\/wp-json\/wp\/v2\/posts"}],"about":[{"href":"https:\/\/ayni.mascomunidad.org.ar\/en\/wp-json\/wp\/v2\/types\/post"}],"author":[{"embeddable":true,"href":"https:\/\/ayni.mascomunidad.org.ar\/en\/wp-json\/wp\/v2\/users\/2"}],"replies":[{"embeddable":true,"href":"https:\/\/ayni.mascomunidad.org.ar\/en\/wp-json\/wp\/v2\/comments?post=1204"}],"version-history":[{"count":1,"href":"https:\/\/ayni.mascomunidad.org.ar\/en\/wp-json\/wp\/v2\/posts\/1204\/revisions"}],"predecessor-version":[{"id":1215,"href":"https:\/\/ayni.mascomunidad.org.ar\/en\/wp-json\/wp\/v2\/posts\/1204\/revisions\/1215"}],"wp:featuredmedia":[{"embeddable":true,"href":"https:\/\/ayni.mascomunidad.org.ar\/en\/wp-json\/wp\/v2\/media\/1198"}],"wp:attachment":[{"href":"https:\/\/ayni.mascomunidad.org.ar\/en\/wp-json\/wp\/v2\/media?parent=1204"}],"wp:term":[{"taxonomy":"category","embeddable":true,"href":"https:\/\/ayni.mascomunidad.org.ar\/en\/wp-json\/wp\/v2\/categories?post=1204"},{"taxonomy":"post_tag","embeddable":true,"href":"https:\/\/ayni.mascomunidad.org.ar\/en\/wp-json\/wp\/v2\/tags?post=1204"}],"curies":[{"name":"wp","href":"https:\/\/api.w.org\/{rel}","templated":true}]}}